{"id":4518,"date":"2023-09-17T11:53:15","date_gmt":"2023-09-17T08:53:15","guid":{"rendered":"https:\/\/komalen-ciwan.com\/?p=4518"},"modified":"2024-05-29T02:42:08","modified_gmt":"2024-05-28T23:42:08","slug":"yurtsever-kurdistan-gencligi-ve-demokratik-kamuoyuna","status":"publish","type":"post","link":"https:\/\/komalen-ciwan.com\/ku\/2023\/09\/17\/yurtsever-kurdistan-gencligi-ve-demokratik-kamuoyuna\/","title":{"rendered":"(Turkish) YURTSEVER K\u00dcRD\u0130STAN GEN\u00c7L\u0130\u011e\u0130 VE DEMOKRAT\u0130K KAMUOYUNA;"},"content":{"rendered":"<p class=\"qtranxs-available-languages-message qtranxs-available-languages-message-ku\">Ev parvekirin bi Kurmanci tune. Bi <a href=\"https:\/\/komalen-ciwan.com\/tr\/wp-json\/wp\/v2\/posts\/4518\" class=\"qtranxs-available-language-link qtranxs-available-language-link-tr\" title=\"Turkish\">Turkish<\/a> heye.<\/p>","protected":false},"excerpt":{"rendered":"<p>Ev parvekirin bi Kurmanci tune. Bi Turkish heye.<\/p>\n","protected":false},"author":1,"featured_media":4519,"comment_status":"closed","ping_status":"open","sticky":false,"template":"","format":"standard","meta":{"slim_seo":{"title":"[:tr]YURTSEVER K\u00dcRD\u0130STAN GEN\u00c7L\u0130\u011e\u0130 VE DEMOKRAT\u0130K KAMUOYUNA;[:] - Komal\u00ean Ciwan","description":"[:tr]YURTSEVER K\u00dcRD\u0130STAN GEN\u00c7L\u0130\u011e\u0130 VE DEMOKRAT\u0130K KAMUOYUNA; &nbsp; 12 Eyl\u00fcl 1980 fa\u015fist darbesi ger\u00e7ek y\u00fcz\u00fcn\u00fc Amed zindan\u0131nda g\u00f6sterdi. Vah\u015fi uygulamalar\u0131yla K\u00fcr"},"_jetpack_newsletter_access":"","_jetpack_dont_email_post_to_subs":false,"_jetpack_newsletter_tier_id":0,"_jetpack_memberships_contains_paywalled_content":false,"_jetpack_memberships_contains_paid_content":false,"_slim_seo_primary_term_category":0,"_slim_seo_primary_term_post_tag":0,"footnotes":""},"categories":[2,1,32],"tags":[],"class_list":["post-4518","post","type-post","status-publish","format-standard","has-post-thumbnail","hentry","category-aciklamalar","category-genel","category-sterka-ciwan"],"views":"75","jetpack_sharing_enabled":true,"jetpack_featured_media_url":"https:\/\/komalen-ciwan.com\/wp-content\/uploads\/2023\/09\/download-5.jpg","_links":{"self":[{"href":"https:\/\/komalen-ciwan.com\/ku\/wp-json\/wp\/v2\/posts\/4518","targetHints":{"allow":["GET"]}}],"collection":[{"href":"https:\/\/komalen-ciwan.com\/ku\/wp-json\/wp\/v2\/posts"}],"about":[{"href":"https:\/\/komalen-ciwan.com\/ku\/wp-json\/wp\/v2\/types\/post"}],"author":[{"embeddable":true,"href":"https:\/\/komalen-ciwan.com\/ku\/wp-json\/wp\/v2\/users\/1"}],"replies":[{"embeddable":true,"href":"https:\/\/komalen-ciwan.com\/ku\/wp-json\/wp\/v2\/comments?post=4518"}],"version-history":[{"count":0,"href":"https:\/\/komalen-ciwan.com\/ku\/wp-json\/wp\/v2\/posts\/4518\/revisions"}],"wp:featuredmedia":[{"embeddable":true,"href":"https:\/\/komalen-ciwan.com\/ku\/wp-json\/wp\/v2\/media\/4519"}],"wp:attachment":[{"href":"https:\/\/komalen-ciwan.com\/ku\/wp-json\/wp\/v2\/media?parent=4518"}],"wp:term":[{"taxonomy":"category","embeddable":true,"href":"https:\/\/komalen-ciwan.com\/ku\/wp-json\/wp\/v2\/categories?post=4518"},{"taxonomy":"post_tag","embeddable":true,"href":"https:\/\/komalen-ciwan.com\/ku\/wp-json\/wp\/v2\/tags?post=4518"}],"curies":[{"name":"wp","href":"https:\/\/api.w.org\/{rel}","templated":true}]}}